{"id":706,"date":"2015-12-28T00:49:49","date_gmt":"2015-12-28T00:49:49","guid":{"rendered":"http:\/\/www.problemasdeamor.com\/?p=706"},"modified":"2015-12-28T00:49:49","modified_gmt":"2015-12-28T00:49:49","slug":"querido-papa-me-van-a-llamar-puta-el-video-que-esta-conmocionando-al-mundo","status":"publish","type":"post","link":"https:\/\/problemasdeamor.com\/?p=706","title":{"rendered":"\u00abQuerido pap\u00e1, me van a llamar puta\u00bb: el v\u00eddeo que est\u00e1 conmocionando al mundo"},"content":{"rendered":"<p>Dice la estad\u00edstica que <strong>1 de cada 3 mujeres sufrir\u00e1 violencia f\u00edsica o violencia de g\u00e9nero<\/strong> a lo largo de su vida, a menudo por parte de su pareja, y por eso <strong>Care Norge<\/strong>, una entidad humanitaria de Noruega, ha querido dar un golpe en la mesa con un corto que d\u00e9 que hablar y no deje indiferente a nadie. Bajo el t\u00edtulo <strong>\u00abQuerido pap\u00e1, me van a llamar puta\u00bb<\/strong>, este v\u00eddeo est\u00e1 haci\u00e9ndose viral y conmocionando a todo el mundo.<\/p>\n<p>https:\/\/www.youtube.com\/watch?v=gvyuY9lCGUM<\/p>\n<p><!--more--><\/p>\n<h2>Querido pap\u00e1, querida mam\u00e1, queridos todos<\/h2>\n<p>El corto se dirige a nosotros, los padres, porque somos hombres y porque toda ni\u00f1a y toda mujer tiene un padre que nunca desear\u00eda ning\u00fan mal a su hija, pero en realidad no es m\u00e1s que una excusa para llegar a todos.<\/p>\n<p>La violencia de g\u00e9nero, el machismo, est\u00e1 impl\u00edcito en la sociedad desde hace demasiado tiempo y <strong>es en realidad culpa de todos<\/strong>, y de nadie en concreto. De los padres porque fueron ni\u00f1os que quiz\u00e1s insultaron a las chicas (yo nunca le he dicho puta a una ni\u00f1a, pero s\u00ed he o\u00eddo a otros ni\u00f1os insultar a las ni\u00f1as) o a los chicos, de las madres porque fueron ni\u00f1as que quiz\u00e1s insultaron tambi\u00e9n a las chicas, o a los chicos, de padres y madres porque sin querer siguen transmitiendo el machismo al esperar comportamientos y colaboraciones diferentes en casa con sus hijos, seg\u00fan sean ni\u00f1os o ni\u00f1as, y de todos en general, porque hay que seguir luchando para que, como dice el final del v\u00eddeo, <strong>nacer mujer no sea ya de por s\u00ed un problema<\/strong>.<\/p>\n<h2>Una generalizaci\u00f3n un poco irreal, si lo fuera<\/h2>\n<p>He estado leyendo los comentarios a los v\u00eddeos en la versi\u00f3n original y subtitulada y hay mucho debate, lo cual es positivo. Algunos hombres se han sentido dolidos porque sienten que se les acusa de abusadores solo por el hecho de ser hombres, y hasta han salido los t\u00edpicos que han dicho aquello de \u00abpues no lleves la falda tan corta\u00bb, \u00abpues no bebas alcohol\u00bb, \u00abpues no&#8230;\u00bb.<\/p>\n<p>El v\u00eddeo se muestra como una generalizaci\u00f3n, pero en realidad no lo es. No es cierto que todas las mujeres vayan a pasar por todo lo que se cuenta en el v\u00eddeo, ni los hombres nos podemos dar todos por aludidos. Sin embargo, <strong>s\u00ed representa lo que muchas mujeres viven y van a vivir<\/strong> y eso no hay que obviarlo. Sucede y suceder\u00e1, y debemos reflexionar porque la violencia no es solo lo que se ve, no es solo el moret\u00f3n, la paliza, los insultos o los asesinatos. La violencia est\u00e1 en el d\u00eda a d\u00eda, en peque\u00f1os gestos, palabras, bromas y actitudes que hacen creer a algunos hombres que tienen la potestad, el poder o el permiso para hacer con las mujeres lo que quieran.<\/p>\n<p>Es un ejercicio para empatizar, para tratar de entender <strong>qu\u00e9 sienten esas ni\u00f1as, chicas y mujeres que sufren ese tipo de violencia<\/strong> que, no nos enga\u00f1emos, est\u00e1 en las calles, en el ambiente, latente, dando latigazos de vez en cuando, y sobre la que tenemos que trabajar todos, empezando por los peque\u00f1os detalles<\/p>\n<p>http:\/\/www.bebesymas.com\/ser-padres\/querido-papa-me-van-a-llamar-puta-el-video-que-esta-conmocionando-al-mundo<\/p>\n<p>.<\/p>\n","protected":false},"excerpt":{"rendered":"<p>Dice la estad\u00edstica que 1 de cada 3 mujeres sufrir\u00e1 violencia f\u00edsica o violencia de g\u00e9nero a lo largo de su vida, a menudo por parte de su pareja, y por eso Care Norge, una entidad humanitaria de Noruega, ha querido dar un golpe en la mesa con un corto que d\u00e9 que hablar y [&hellip;]<\/p>\n","protected":false},"author":1,"featured_media":0,"comment_status":"open","ping_status":"open","sticky":false,"template":"","format":"standard","meta":{"footnotes":""},"categories":[1],"tags":[],"class_list":["post-706","post","type-post","status-publish","format-standard","hentry","category-uncategorized"],"_links":{"self":[{"href":"https:\/\/problemasdeamor.com\/index.php?rest_route=\/wp\/v2\/posts\/706","targetHints":{"allow":["GET"]}}],"collection":[{"href":"https:\/\/problemasdeamor.com\/index.php?rest_route=\/wp\/v2\/posts"}],"about":[{"href":"https:\/\/problemasdeamor.com\/index.php?rest_route=\/wp\/v2\/types\/post"}],"author":[{"embeddable":true,"href":"https:\/\/problemasdeamor.com\/index.php?rest_route=\/wp\/v2\/users\/1"}],"replies":[{"embeddable":true,"href":"https:\/\/problemasdeamor.com\/index.php?rest_route=%2Fwp%2Fv2%2Fcomments&post=706"}],"version-history":[{"count":0,"href":"https:\/\/problemasdeamor.com\/index.php?rest_route=\/wp\/v2\/posts\/706\/revisions"}],"wp:attachment":[{"href":"https:\/\/problemasdeamor.com\/index.php?rest_route=%2Fwp%2Fv2%2Fmedia&parent=706"}],"wp:term":[{"taxonomy":"category","embeddable":true,"href":"https:\/\/problemasdeamor.com\/index.php?rest_route=%2Fwp%2Fv2%2Fcategories&post=706"},{"taxonomy":"post_tag","embeddable":true,"href":"https:\/\/problemasdeamor.com\/index.php?rest_route=%2Fwp%2Fv2%2Ftags&post=706"}],"curies":[{"name":"wp","href":"https:\/\/api.w.org\/{rel}","templated":true}]}}